{"id":844,"date":"2026-01-09T21:18:31","date_gmt":"2026-01-09T15:48:31","guid":{"rendered":"https:\/\/www.konnectinternational.com\/?p=844"},"modified":"2026-01-09T21:18:31","modified_gmt":"2026-01-09T15:48:31","slug":"top-20-most-profitable-products-to-export-from-germany","status":"publish","type":"post","link":"https:\/\/www.konnectinternational.com\/tr\/almanyadan-ihrac-edilecek-en-karli-20-urun\/","title":{"rendered":"2024&#039;te Almanya&#039;dan \u0130hra\u00e7 Edilecek En Karl\u0131 20 \u00dcr\u00fcn"},"content":{"rendered":"<div class=\"wp-block-columns is-layout-flex wp-container-core-columns-is-layout-9d6595d7 wp-block-columns-is-layout-flex\">\n<div class=\"wp-block-column is-layout-flow wp-block-column-is-layout-flow\" style=\"flex-basis:100%\">\n<figure class=\"wp-block-image size-large\"><img decoding=\"async\" width=\"1024\" height=\"536\" src=\"https:\/\/www.konnectinternational.com\/wp-content\/uploads\/2024\/01\/german-container-4-1024x536.jpg\" alt=\"Almanya&#039;dan \u0130hra\u00e7 Edilecek Karl\u0131 \u00dcr\u00fcnler\" class=\"wp-image-653\" srcset=\"https:\/\/www.konnectinternational.com\/wp-content\/uploads\/2024\/01\/german-container-4-1024x536.jpg 1024w, https:\/\/www.konnectinternational.com\/wp-content\/uploads\/2024\/01\/german-container-4-300x157.jpg 300w, https:\/\/www.konnectinternational.com\/wp-content\/uploads\/2024\/01\/german-container-4-768x402.jpg 768w, https:\/\/www.konnectinternational.com\/wp-content\/uploads\/2024\/01\/german-container-4.jpg 1200w\" sizes=\"(max-width: 1024px) 100vw, 1024px\" \/><\/figure>\n<\/div>\n<\/div>\n\n\n\n<p>Almanya d\u00fcnya \u00e7ap\u0131nda bir \u00fclke olarak bilinir <strong>ihracat devi<\/strong>Almanya 2021 y\u0131l\u0131nda d\u00fcnya \u00e7ap\u0131nda 1,4 trilyon avronun \u00fczerinde \u00fcr\u00fcn ihra\u00e7 etti.<\/p>\n\n\n\n<p>K\u00e2rl\u0131 \u00fcr\u00fcnlere ula\u015fmay\u0131 hedefleyen bir ihracat\u00e7\u0131 olarak Almanya, otomotivden ila\u00e7lara kadar \u00e7e\u015fitli sekt\u00f6rlerde \u00e7ok say\u0131da se\u00e7enek sunuyor.<\/p>\n\n\n\n<p>Bu yaz\u0131m\u0131zda, Almanya&#039;dan en karl\u0131 20 ihracat f\u0131rsat\u0131n\u0131, tedarik ve ihracat stratejinize rehberlik edecek \u00f6nemli istatistiklerle birlikte inceleyece\u011fiz.<\/p>\n\n\n\n<h2 class=\"wp-block-heading\">Neden Almanya&#039;dan \u0130hracat Yapmal\u0131s\u0131n\u0131z?<\/h2>\n\n\n\n<p>Almanya&#039;n\u0131n m\u00fckemmel bir ihracat orta\u011f\u0131 olmas\u0131n\u0131n baz\u0131 temel nedenleri \u015funlard\u0131r:<\/p>\n\n\n\n<ul class=\"wp-block-list\">\n<li><strong>Yenilik ve Teknoloji:<\/strong>&nbsp;Alman \u015firketleri, k\u00fcresel talep g\u00f6ren \u00fcr\u00fcnlere d\u00f6n\u00fc\u015fen inovasyonun \u00f6n saflar\u0131nda yer almaktad\u0131r. End\u00fcstriyel makinelerden laboratuvar ekipmanlar\u0131na kadar, Alman teknolojisi alt\u0131n standard\u0131 belirler.<\/li>\n\n\n\n<li><strong>Uzmanla\u015fm\u0131\u015f \u00dcretim:<\/strong>&nbsp;Almanya, kimyasallar, tekstiller, metaller, elektronikler ve daha fazlas\u0131 alan\u0131nda derinlemesine yerle\u015fik \u00fcretim uzmanl\u0131\u011f\u0131na sahiptir. Bu, uzmanla\u015fm\u0131\u015f, y\u00fcksek marjl\u0131 \u00fcr\u00fcnlerin \u00fcretilmesine olanak tan\u0131r.<\/li>\n\n\n\n<li><strong>S\u0131k\u0131 Standartlar:<\/strong>&nbsp;Almanya son derece s\u0131k\u0131 \u00fcretim standartlar\u0131na, g\u00fcvenlik uyumlulu\u011funa ve kalite kontrol\u00fcne uymaktad\u0131r. Bu, k\u00fcresel ithalat\u00e7\u0131lara ve t\u00fcketicilere g\u00fcvence verir.<\/li>\n\n\n\n<li><strong>G\u00fc\u00e7l\u00fc Ula\u015f\u0131m Altyap\u0131s\u0131:<\/strong>&nbsp;Almanya, verimli da\u011f\u0131t\u0131m\u0131 kolayla\u015ft\u0131ran entegre lojistik a\u011flar\u0131n\u0131n yan\u0131 s\u0131ra yollar, demiryollar\u0131, havaalanlar\u0131 ve su yollar\u0131 gibi kapsaml\u0131 ula\u015f\u0131m altyap\u0131s\u0131na sahiptir.<\/li>\n<\/ul>\n\n\n\n<p>\u00d6zetle, Almanya, d\u00fcnya \u00e7ap\u0131ndaki ithalat\u00e7\u0131lar\u0131n talep etti\u011fi geli\u015fmi\u015f, uyumlu ve itibarl\u0131 \u00fcr\u00fcnlerden olu\u015fan e\u015fsiz bir portf\u00f6y \u00fcretiyor.<\/p>\n\n\n\n<p>\u015eimdi Made in Germany&#039;nin en karl\u0131 20 ihra\u00e7 \u00fcr\u00fcn\u00fcn\u00fc inceleyelim:<\/p>\n\n\n\n<h2 class=\"wp-block-heading\"><strong>1. Ara\u00e7lar<\/strong><\/h2>\n\n\n\n<p>2021 y\u0131l\u0131nda Almanya&#039;n\u0131n en b\u00fcy\u00fck ihracat kategorisini olu\u015fturan motorlu ta\u015f\u0131tlar, 227,6 milyar avroluk de\u011ferle listenin ba\u015f\u0131nda yer al\u0131yor. \u00d6nemli istatistikler:<\/p>\n\n\n\n<ul class=\"wp-block-list\">\n<li><strong>Kar Marj\u0131:<\/strong>&nbsp;8-12%<\/li>\n\n\n\n<li><strong>\u0130hracat Payla\u015f:<\/strong>&nbsp;Almanya&#039;n\u0131n ihracat\u0131n\u0131n 16%&#039;si<\/li>\n\n\n\n<li><strong>\u0130hracat De\u011feri:<\/strong>&nbsp;227,6 milyar avro<\/li>\n\n\n\n<li><strong>Ba\u015fl\u0131ca \u0130hracat \u00dclkeleri:<\/strong>&nbsp;ABD, \u0130ngiltere, \u00c7in, Fransa, \u0130talya<\/li>\n<\/ul>\n\n\n\n<p>Volkswagen, Mercedes-Benz ve BMW gibi Almanya&#039;n\u0131n otomobil markalar\u0131 d\u00fcnya \u00e7ap\u0131nda en prestijli ve arananlar aras\u0131nda yer almaktad\u0131r. SUV&#039;ler, l\u00fcks sedanlar ve premium spor otomobiller cazip kar marjlar\u0131 sunmaktad\u0131r. Marka alg\u0131s\u0131 ayr\u0131ca yurtd\u0131\u015f\u0131nda fiyatland\u0131rma g\u00fcc\u00fcne de olanak tan\u0131r.<\/p>\n\n\n\n<h2 class=\"wp-block-heading\">2. Ara\u00e7 Par\u00e7alar\u0131<\/h2>\n\n\n\n<p>Bunu 113 milyar avroluk a\u011f\u0131rl\u0131\u011f\u0131yla otomotiv bile\u015fenleri ve par\u00e7alar\u0131 yak\u0131ndan takip ediyor:<\/p>\n\n\n\n<ul class=\"wp-block-list\">\n<li><strong>Kar Marj\u0131:<\/strong>&nbsp;15-20%<\/li>\n\n\n\n<li><strong>\u0130hracat Payla\u015f:<\/strong>&nbsp;8% ihracat<\/li>\n\n\n\n<li><strong>\u0130hracat De\u011feri:<\/strong>&nbsp;113 milyar avro<\/li>\n\n\n\n<li><strong>Ba\u015fl\u0131ca \u0130hracat \u00dclkeleri:<\/strong>&nbsp;ABD, \u00c7in, \u0130ngiltere, Fransa, Polonya<\/li>\n<\/ul>\n\n\n\n<p>Alman otomotiv end\u00fcstrisi, par\u00e7a \u00fcreticilerinin birbirine ba\u011fl\u0131 tedarik zincirine dayanmaktad\u0131r. \u0130hracat\u00e7\u0131lar, motorlar, ayd\u0131nlatma, elektronik ve i\u00e7 mekanlar dahil olmak \u00fczere y\u00fcksek kaliteli bile\u015fenleri Alman \u00fcreticilerden rekabet\u00e7i fiyatlarla temin edebilirler.<\/p>\n\n\n\n<h2 class=\"wp-block-heading\"><strong>3. \u0130la\u00e7lar<\/strong><\/h2>\n\n\n\n<p>Almanya&#039;n\u0131n hem i\u00e7 pazara hem de ihracata hizmet eden k\u00f6kl\u00fc bir ila\u00e7 ve t\u0131bbi \u00fcr\u00fcn \u00fcretim \u00fcss\u00fc bulunmaktad\u0131r.<\/p>\n\n\n\n<ul class=\"wp-block-list\">\n<li><strong>Kar Marj\u0131:<\/strong>&nbsp;20-30%<\/li>\n\n\n\n<li><strong>\u0130hracat Payla\u015f:<\/strong>&nbsp;5.4% ihracat<\/li>\n\n\n\n<li><strong>\u0130hracat De\u011feri:<\/strong>&nbsp;75 milyar avro<\/li>\n\n\n\n<li><strong>Ba\u015fl\u0131ca \u0130hracat \u00dclkeleri:<\/strong>&nbsp;ABD, \u0130svi\u00e7re, \u00c7in, Hollanda, Bel\u00e7ika<\/li>\n<\/ul>\n\n\n\n<p>S\u0131k\u0131 klinik testler ve GMP sertifikal\u0131 tesisler, Almanya&#039;n\u0131n en y\u00fcksek kalitede ila\u00e7lar ve \u00e7areler \u00fcretmesini sa\u011flar. Karma\u015f\u0131k, katma de\u011ferli ila\u00e7 \u00fcr\u00fcnleri en y\u00fcksek kar marjlar\u0131n\u0131 sunar.<\/p>\n\n\n\n<h2 class=\"wp-block-heading\">4. U\u00e7ak<\/h2>\n\n\n\n<p>Almanya, son teknoloji u\u00e7aklar \u00fcreten geli\u015fmi\u015f bir havac\u0131l\u0131k end\u00fcstrisine sahiptir. \u00d6nemli ihracat istatistikleri:<\/p>\n\n\n\n<ul class=\"wp-block-list\">\n<li><strong>Kar Marj\u0131:<\/strong>&nbsp;8-12%<\/li>\n\n\n\n<li><strong>\u0130hracat Payla\u015f:<\/strong>&nbsp;2.3% ihracat<\/li>\n\n\n\n<li><strong>\u0130hracat De\u011feri:<\/strong>&nbsp;32,5 milyar avro<\/li>\n\n\n\n<li><strong>Ba\u015fl\u0131ca \u0130hracat \u00dclkeleri:<\/strong>&nbsp;Fransa, ABD, \u00c7in, BAE, Singapur<\/li>\n<\/ul>\n\n\n\n<p>D\u00fcnya \u00e7ap\u0131nda talep, \u00f6nde gelen \u00fcreticilerin ticari u\u00e7aklar\u0131, helikopterleri, \u00f6zel jetleri, u\u00e7ak bile\u015fenleri ve entegre u\u00e7ak sistemlerine y\u00f6neliktir.<\/p>\n\n\n\n<h2 class=\"wp-block-heading\">5. End\u00fcstriyel Makineler<\/h2>\n\n\n\n<p>Almanya, a\u011f\u0131r ve y\u00fcksek \u00f6zellikli end\u00fcstriyel makine ve ekipmanlarda \u00f6ne \u00e7\u0131k\u0131yor.<\/p>\n\n\n\n<ul class=\"wp-block-list\">\n<li><strong>Kar Marj\u0131:<\/strong>&nbsp;15-20%<\/li>\n\n\n\n<li><strong>\u0130hracat Payla\u015f:<\/strong>&nbsp;7.2% ihracat<\/li>\n\n\n\n<li><strong>\u0130hracat De\u011feri:<\/strong>&nbsp;100 milyar avro<\/li>\n\n\n\n<li><strong>Ba\u015fl\u0131ca \u0130hracat \u00dclkeleri:<\/strong>&nbsp;\u00c7in, ABD, Fransa, Polonya, \u0130talya<\/li>\n<\/ul>\n\n\n\n<p>Alman makineleri, d\u00fcnya \u00e7ap\u0131nda end\u00fcstriyel ihtiya\u00e7lar\u0131 kar\u015f\u0131layan hassas m\u00fchendislik, g\u00fcvenilirlik ve son teknoloji konusunda standartlar\u0131 belirliyor.<\/p>\n\n\n\n<h2 class=\"wp-block-heading\">6. Elektrikli Ekipman<\/h2>\n\n\n\n<p>Geli\u015fmi\u015f Alman elektrik sistemleri ve cihazlar\u0131 d\u00fcnya \u00e7ap\u0131nda \u00f6nemli bir talebi kar\u015f\u0131lamaktad\u0131r:<\/p>\n\n\n\n<ul class=\"wp-block-list\">\n<li><strong>Kar Marj\u0131:<\/strong>&nbsp;8-15%<\/li>\n\n\n\n<li><strong>\u0130hracat Payla\u015f:<\/strong>&nbsp;4.6% ihracat<\/li>\n\n\n\n<li><strong>\u0130hracat De\u011feri:<\/strong>&nbsp;65 milyar avro<\/li>\n\n\n\n<li><strong>Ba\u015fl\u0131ca \u0130hracat \u00dclkeleri:<\/strong>&nbsp;\u00c7in, ABD, Polonya, Fransa, Hollanda<\/li>\n<\/ul>\n\n\n\n<p>Transformat\u00f6rler, piller, sinyal cihazlar\u0131, LED ayd\u0131nlatma ve di\u011fer \u00f6zel bile\u015fenler dahil olmak \u00fczere Alman elektrik ekipmanlar\u0131 karl\u0131 bir ticaret potansiyeli sunmaktad\u0131r.<\/p>\n\n\n\n<h2 class=\"wp-block-heading\">7. T\u0131bbi Teknoloji<\/h2>\n\n\n\n<p>Almanya, te\u015fhis ekipmanlar\u0131, biyoteknoloji cihazlar\u0131 ve hassas t\u0131bbi cihazlar\u0131n geli\u015ftirilmesine \u00f6nc\u00fcl\u00fck ediyor:<\/p>\n\n\n\n<ul class=\"wp-block-list\">\n<li><strong>Kar Marj\u0131:<\/strong>&nbsp;20-30%<\/li>\n\n\n\n<li><strong>\u0130hracat Payla\u015f:<\/strong>&nbsp;4% ihracat<\/li>\n\n\n\n<li><strong>\u0130hracat De\u011feri:<\/strong>&nbsp;55 milyar avro<\/li>\n\n\n\n<li><strong>Ba\u015fl\u0131ca \u0130hracat \u00dclkeleri:<\/strong>&nbsp;ABD, \u00c7in, Fransa, \u0130ngiltere, \u0130svi\u00e7re<\/li>\n<\/ul>\n\n\n\n<p>Alman medikal teknolojileri, \u00f6zellikle te\u015fhis kitleri, tarama sistemleri ve \u00f6l\u00e7\u00fcm cihazlar\u0131, sayg\u0131n markala\u015fma ile desteklenen y\u00fcksek fiyatland\u0131rmay\u0131 talep ediyor.<\/p>\n\n\n\n<h2 class=\"wp-block-heading\">8. Kimyasal \u00dcr\u00fcnler<\/h2>\n\n\n\n<p>Geni\u015f bir \u00fcr\u00fcn yelpazesini temsil eden Alman kimyasal \u00fcr\u00fcnleri, k\u00fcresel \u00f6l\u00e7ekte vazge\u00e7ilmezli\u011fini s\u00fcrd\u00fcr\u00fcyor:<\/p>\n\n\n\n<ul class=\"wp-block-list\">\n<li><strong>Kar Marj\u0131:<\/strong>&nbsp;15-25%<\/li>\n\n\n\n<li><strong>\u0130hracat Payla\u015f:<\/strong>&nbsp;Almanya&#039;n\u0131n ihracat\u0131n\u0131n 6.5%&#039;si<\/li>\n\n\n\n<li><strong>\u0130hracat De\u011feri:<\/strong>&nbsp;91 milyar avro<\/li>\n\n\n\n<li><strong>Ba\u015fl\u0131ca \u0130hracat \u00dclkeleri:<\/strong>&nbsp;Hollanda, Fransa, \u00c7in, ABD, \u0130ngiltere<\/li>\n<\/ul>\n\n\n\n<p>Almanya&#039;n\u0131n kimya katalo\u011funda yap\u0131\u015ft\u0131r\u0131c\u0131lar, g\u00fcbreler, kozmetikler, boyalar, deterjanlar, \u00f6zel polimerlerin yan\u0131 s\u0131ra uluslararas\u0131 ticari ve t\u00fcketici gereksinimlerini kar\u015f\u0131layan organik ve inorganik end\u00fcstriyel bile\u015fikler yer almaktad\u0131r.<\/p>\n\n\n\n<h2 class=\"wp-block-heading\">9. Optik\/Foto\u011fraf Ekipmanlar\u0131<\/h2>\n\n\n\n<p>Hassas Alman optik ve g\u00f6r\u00fcnt\u00fcleme \u00fcr\u00fcnleri k\u00fcresel \u00e7apta g\u00fc\u00e7l\u00fc bir \u015fekilde tercih ediliyor:<\/p>\n\n\n\n<ul class=\"wp-block-list\">\n<li><strong>Kar Marj\u0131:<\/strong>&nbsp;20-30%<\/li>\n\n\n\n<li><strong>\u0130hracat Payla\u015f:<\/strong>&nbsp;2% ihracat<\/li>\n\n\n\n<li><strong>\u0130hracat De\u011feri:<\/strong>&nbsp;29 milyar avro<\/li>\n\n\n\n<li><strong>Ba\u015fl\u0131ca \u0130hracat \u00dclkeleri:<\/strong>&nbsp;\u00c7in, ABD, Fransa, \u0130ngiltere, Hollanda<\/li>\n<\/ul>\n\n\n\n<p>Alman \u00fcr\u00fcnleri aras\u0131nda optik lensler, \u00f6l\u00e7\u00fcm aletleri ve foto\u011fraf ekipmanlar\u0131ndan ak\u0131ll\u0131 telefonlara, uydulara ve savunma sistemlerine entegre edilmi\u015f son teknoloji sens\u00f6rlere ve g\u00f6r\u00fcnt\u00fcleme bile\u015fenlerine kadar pek \u00e7ok \u00fcr\u00fcn yer al\u0131yor.<\/p>\n\n\n\n<h2 class=\"wp-block-heading\">10. Demir ve \u00c7elik<\/h2>\n\n\n\n<p>End\u00fcstriyel rekabete ra\u011fmen, Alman demir ve \u00e7eli\u011fi h\u00e2l\u00e2 \u00f6nemli ihracat sa\u011fl\u0131yor:<\/p>\n\n\n\n<ul class=\"wp-block-list\">\n<li><strong>Kar Marj\u0131:<\/strong>&nbsp;8-15%<\/li>\n\n\n\n<li><strong>\u0130hracat Payla\u015f:<\/strong>&nbsp;2.4% ihracat<\/li>\n\n\n\n<li><strong>\u0130hracat De\u011feri:<\/strong>&nbsp;35 milyar avro<\/li>\n\n\n\n<li><strong>Ba\u015fl\u0131ca \u0130hracat \u00dclkeleri:<\/strong>&nbsp;Fransa, Polonya, Avusturya, \u0130talya, \u00c7ek Cumhuriyeti<\/li>\n<\/ul>\n\n\n\n<p>Alman \u00e7elik \u00fcreticileri, emtia fiyatland\u0131rmas\u0131n\u0131n \u00f6tesinde, metrikler a\u00e7\u0131s\u0131ndan k\u00fcresel olarak rekabet edebilecek \u00f6zel kaliteler ve ala\u015f\u0131mlar sa\u011fl\u0131yor.<\/p>\n\n\n\n<h2 class=\"wp-block-heading\">11. Telekom\u00fcnikasyon Ekipmanlar\u0131<\/h2>\n\n\n\n<p>Almanya, geli\u015fmi\u015f telekom\u00fcnikasyon altyap\u0131s\u0131nda da d\u00fcnya lideri:<\/p>\n\n\n\n<ul class=\"wp-block-list\">\n<li><strong>Kar Marj\u0131:<\/strong>&nbsp;8-15%<\/li>\n\n\n\n<li><strong>\u0130hracat Payla\u015f:<\/strong>&nbsp;1.5% ihracat<\/li>\n\n\n\n<li><strong>\u0130hracat De\u011feri:<\/strong>&nbsp;22 milyar avro<\/li>\n\n\n\n<li><strong>Ba\u015fl\u0131ca \u0130hracat \u00dclkeleri:<\/strong>&nbsp;Avusturya, ABD, Hollanda, Polonya, Fransa<\/li>\n<\/ul>\n\n\n\n<p>Dijitalle\u015fme ve mobil penetrasyonun h\u0131z kesmeden devam etti\u011fi Almanya&#039;da y\u00f6nlendiriciler, antenler, baz istasyonlar\u0131, a\u011f donan\u0131mlar\u0131 ve telefon \u00fcr\u00fcnleri ihracatta g\u00fc\u00e7l\u00fc bir ivme yakal\u0131yor.<\/p>\n\n\n\n<h2 class=\"wp-block-heading\">12. Elektronik Ekipman<\/h2>\n\n\n\n<p>Geli\u015fmi\u015f Alman elektronik \u00fcr\u00fcnleri k\u00fcresel \u00e7apta g\u00fc\u00e7l\u00fc bir \u015fekilde benimsenmeye devam ediyor:<\/p>\n\n\n\n<ul class=\"wp-block-list\">\n<li><strong>Kar Marj\u0131:<\/strong>&nbsp;8-15%<\/li>\n\n\n\n<li><strong>\u0130hracat Payla\u015f:<\/strong>&nbsp;3.8% ihracat<\/li>\n\n\n\n<li><strong>\u0130hracat De\u011feri:<\/strong>&nbsp;54 milyar avro<\/li>\n\n\n\n<li><strong>Ba\u015fl\u0131ca \u0130hracat \u00dclkeleri:<\/strong>&nbsp;\u00c7in, ABD, Polonya, Hollanda, Fransa<\/li>\n<\/ul>\n\n\n\n<p>Alman \u00fcr\u00fcnleri aras\u0131nda entegre devreler, ekranlar, sens\u00f6rler, piller, PCB&#039;ler ve d\u00fcnya \u00e7ap\u0131nda \u00e7e\u015fitli g\u00f6m\u00fcl\u00fc sistemlere tasarlanm\u0131\u015f di\u011fer elektronik \u00fcr\u00fcnler yer almaktad\u0131r.<\/p>\n\n\n\n<h2 class=\"wp-block-heading\">13. Metal \u00dcr\u00fcnler<\/h2>\n\n\n\n<p>Almanya&#039;n\u0131n end\u00fcstriyel omurgas\u0131n\u0131 i\u015flenmi\u015f metal e\u015fyalar olu\u015fturmaktad\u0131r:<\/p>\n\n\n\n<ul class=\"wp-block-list\">\n<li><strong>Kar Marj\u0131:<\/strong>&nbsp;8-15%<\/li>\n\n\n\n<li><strong>\u0130hracat Payla\u015f:<\/strong>&nbsp;3.3% ihracat<\/li>\n\n\n\n<li><strong>\u0130hracat De\u011feri:<\/strong>&nbsp;47 milyar avro<\/li>\n\n\n\n<li><strong>Ba\u015fl\u0131ca \u0130hracat \u00dclkeleri:<\/strong>&nbsp;Fransa, ABD, \u00c7in, Avusturya, Polonya<\/li>\n<\/ul>\n\n\n\n<p>Paslanmaz \u00e7elik, al\u00fcminyum, bak\u0131r ve titanyum gibi end\u00fcstriyel a\u00e7\u0131dan \u00f6nemli Alman metal \u00fcr\u00fcnleri aras\u0131nda borular, t\u00fcpler, folyolar, d\u00f6k\u00fcmler ve d\u00f6vmeler yer al\u0131yor ve d\u00fcnya \u00e7ap\u0131nda \u00e7e\u015fitli pazarlarda talep g\u00f6r\u00fcyor.<\/p>\n\n\n\n<h2 class=\"wp-block-heading\">14. Elektriksiz Makineler<\/h2>\n\n\n\n<p>Pompalar\u0131, kompres\u00f6rleri, pn\u00f6matikleri, robotlar\u0131 ve daha fazlas\u0131n\u0131 kapsayan elektriksiz makineler istikrarl\u0131 talebi s\u00fcrd\u00fcr\u00fcyor:<\/p>\n\n\n\n<ul class=\"wp-block-list\">\n<li><strong>Kar Marj\u0131:<\/strong>&nbsp;8-15%<\/li>\n\n\n\n<li><strong>\u0130hracat Payla\u015f:<\/strong>&nbsp;2.5% ihracat<\/li>\n\n\n\n<li><strong>\u0130hracat De\u011feri:<\/strong>&nbsp;36 milyar avro<\/li>\n\n\n\n<li><strong>Ba\u015fl\u0131ca \u0130hracat \u00dclkeleri:<\/strong>&nbsp;\u00c7in, ABD, Fransa, \u0130talya, Avusturya<\/li>\n<\/ul>\n\n\n\n<p>D\u00fcnya \u00e7ap\u0131ndaki fabrikalar, madenler ve de\u011firmenler, mekanik, hidrolik ve pn\u00f6matik i\u015flevleri birle\u015ftiren Alman ak\u0131\u015fkan g\u00fcc\u00fc makinelerine, di\u015fli sistemlerine ve \u00f6zel elektronik olmayan ekipmanlara yat\u0131r\u0131m yap\u0131yor.<\/p>\n\n\n\n<h2 class=\"wp-block-heading\">15. G\u00fc\u00e7 \u00dcretim Makineleri<\/h2>\n\n\n\n<p>Geli\u015fmi\u015f g\u00fc\u00e7 \u00fcretim ekipmanlar\u0131 Almanya&#039;n\u0131n e\u015fsiz bir ihracat\u0131n\u0131 olu\u015fturmaktad\u0131r:<\/p>\n\n\n\n<ul class=\"wp-block-list\">\n<li><strong>Kar Marj\u0131:<\/strong>&nbsp;8-15%<\/li>\n\n\n\n<li><strong>\u0130hracat Payla\u015f:<\/strong>&nbsp;1.5% ihracat<\/li>\n\n\n\n<li><strong>\u0130hracat De\u011feri:<\/strong>&nbsp;21 milyar avro<\/li>\n\n\n\n<li><strong>Ba\u015fl\u0131ca \u0130hracat \u00dclkeleri:<\/strong>&nbsp;\u00c7in, ABD, Hollanda, Fransa, \u0130ngiltere<\/li>\n<\/ul>\n\n\n\n<p>Dizel jenerat\u00f6rlerden gaz t\u00fcrbinlerine ve ilgili bile\u015fenlere kadar \u2013 Alman energygear k\u00fcresel olarak g\u00fc\u00e7 g\u00fcvenilirli\u011fini destekliyor. \u00c7evre dostu r\u00fczgar t\u00fcrbinleri de g\u00fc\u00e7l\u00fc yabanc\u0131 al\u0131m\u0131n\u0131 takip ediyor.<\/p>\n\n\n\n<h2 class=\"wp-block-heading\">16. Sentetik Tekstiller<\/h2>\n\n\n\n<p>Alman sentetik tekstilleri, Asya rekabetiyle kar\u015f\u0131 kar\u015f\u0131ya kalsa da hala makul ihracat rakamlar\u0131na ula\u015f\u0131yor:<\/p>\n\n\n\n<ul class=\"wp-block-list\">\n<li><strong>Kar Marj\u0131:<\/strong>&nbsp;15-25%<\/li>\n\n\n\n<li><strong>\u0130hracat Payla\u015f:<\/strong>&nbsp;1% ihracat<\/li>\n\n\n\n<li><strong>\u0130hracat De\u011feri:<\/strong>&nbsp;15 milyar avro<\/li>\n\n\n\n<li><strong>Ba\u015fl\u0131ca \u0130hracat \u00dclkeleri:<\/strong>&nbsp;T\u00fcrkiye, Polonya, \u0130talya, Avusturya, \u0130svi\u00e7re<\/li>\n<\/ul>\n\n\n\n<p>\u0130\u015flevselli\u011fi s\u00fcrd\u00fcr\u00fclebilirlikle birle\u015ftirmek \u2013 Alman sentetikleri aras\u0131nda naylonlar, suni ipekler, polyester ve kar\u0131\u015f\u0131ml\u0131 teknik kuma\u015flar yer al\u0131yor ve geni\u015f bir kullan\u0131m alan\u0131 buluyor.<\/p>\n\n\n\n<h2 class=\"wp-block-heading\">17. Demiryolu Ekipmanlar\u0131<\/h2>\n\n\n\n<p>D\u00fcnya \u00e7ap\u0131nda h\u0131zlanan kentle\u015fmeye yan\u0131t veren Alman demiryolu teknolojileri ihracatta canlanma g\u00f6steriyor:<\/p>\n\n\n\n<ul class=\"wp-block-list\">\n<li><strong>Kar Marj\u0131:<\/strong>&nbsp;8-15%<\/li>\n\n\n\n<li><strong>\u0130hracat Payla\u015f:<\/strong>&nbsp;0.8% ihracat<\/li>\n\n\n\n<li><strong>\u0130hracat De\u011feri:<\/strong>&nbsp;12 milyar avro<\/li>\n\n\n\n<li><strong>Ba\u015fl\u0131ca \u0130hracat \u00dclkeleri:<\/strong>&nbsp;Avusturya, ABD, Fransa, \u00c7in, \u0130sve\u00e7<\/li>\n<\/ul>\n\n\n\n<p>D\u00fcnya \u00e7ap\u0131nda \u015fehirler demiryolu altyap\u0131s\u0131n\u0131 geni\u015fletirken, Almanya&#039;dan geli\u015fmi\u015f lokomotifler, monoray vagonlar\u0131, g\u00f6m\u00fcl\u00fc sinyal\/kontrol ekipmanlar\u0131 ve ilgili malzemelere talep art\u0131yor.<\/p>\n\n\n\n<h2 class=\"wp-block-heading\">18. Ka\u011f\u0131t \u00dcr\u00fcnleri<\/h2>\n\n\n\n<p>Dijitalle\u015fmeye ra\u011fmen Alman ka\u011f\u0131t \u00fcr\u00fcnleri makul ihracat\u0131 destekliyor:<\/p>\n\n\n\n<ul class=\"wp-block-list\">\n<li><strong>Kar Marj\u0131:<\/strong>&nbsp;15-25%<\/li>\n\n\n\n<li><strong>\u0130hracat Payla\u015f:<\/strong>&nbsp;1% ihracat<\/li>\n\n\n\n<li><strong>\u0130hracat De\u011feri:<\/strong>&nbsp;15 milyar avro<\/li>\n\n\n\n<li><strong>Ba\u015fl\u0131ca \u0130hracat \u00dclkeleri:<\/strong>&nbsp;Fransa, Polonya, Avusturya, Hollanda, Bel\u00e7ika<\/li>\n<\/ul>\n\n\n\n<p>Grafik ka\u011f\u0131d\u0131ndan gazete ka\u011f\u0131d\u0131na, ambalaj malzemelerinden \u00f6zel ka\u011f\u0131tlara kadar uzanan yelpazede Alman \u00fcreticiler kaliteye, s\u00fcre\u00e7lere ve s\u00fcrd\u00fcr\u00fclebilirli\u011fe \u00f6nem veriyor.<\/p>\n\n\n\n<h2 class=\"wp-block-heading\">19. \u0130\u00e7ecekler<\/h2>\n\n\n\n<p>Almanya&#039;n\u0131n t\u00fcketici ihracat\u0131nda en b\u00fcy\u00fck pay\u0131 i\u00e7ecekler olu\u015fturuyor:<\/p>\n\n\n\n<ul class=\"wp-block-list\">\n<li><strong>Kar Marj\u0131:<\/strong>&nbsp;15-25%<\/li>\n\n\n\n<li><strong>\u0130hracat Payla\u015f:<\/strong>&nbsp;0.7% ihracat<\/li>\n\n\n\n<li><strong>\u0130hracat De\u011feri:<\/strong>&nbsp;10 milyar avro<\/li>\n\n\n\n<li><strong>Ba\u015fl\u0131ca \u0130hracat \u00dclkeleri:<\/strong>&nbsp;\u0130ngiltere, \u0130talya, \u00c7in, Hollanda, Fransa<\/li>\n<\/ul>\n\n\n\n<p>2021&#039;de ikonik Alman bira \u00e7e\u015fitleri, meyve \u015faraplar\u0131 ve alkols\u00fcz i\u00e7eceklerin ihracat\u0131nda \u00e7ift haneli b\u00fcy\u00fcme g\u00f6r\u00fcld\u00fc; bu da yabanc\u0131 i\u015ftah\u0131n\u0131n alt\u0131n\u0131 \u00e7iziyor.<\/p>\n\n\n\n<h2 class=\"wp-block-heading\">20. Seramik \u00dcr\u00fcnler<\/h2>\n\n\n\n<p>Ve bu seriyi tamamlayanlar aras\u0131nda yabanc\u0131 pazarlarda ni\u015f pazarda kendine yer bulan Alman seramik \u00fcr\u00fcnleri de yer al\u0131yor:<\/p>\n\n\n\n<ul class=\"wp-block-list\">\n<li><strong>Kar Marj\u0131:<\/strong>&nbsp;15-25%<\/li>\n\n\n\n<li><strong>\u0130hracat Payla\u015f:<\/strong>&nbsp;0.5% ihracat<\/li>\n\n\n\n<li><strong>\u0130hracat De\u011feri:<\/strong>&nbsp;7 milyar avro<\/li>\n\n\n\n<li><strong>Ba\u015fl\u0131ca \u0130hracat \u00dclkeleri:<\/strong>&nbsp;Fransa, ABD, Avusturya, Polonya, \u00c7in<\/li>\n<\/ul>\n\n\n\n<p>Kimyasallar ve enerji alan\u0131ndaki temel end\u00fcstriyel uygulamalar\u0131n \u00f6tesinde, el yap\u0131m\u0131 Alman seramik, porselen ve sofra \u00fcr\u00fcnleri se\u00e7kin k\u00fcresel uzmanlara hitap ediyor.<\/p>\n\n\n\n<p><strong>\u0130\u015fte Almanya&#039;n\u0131n k\u00e2rl\u0131 20 ihra\u00e7 \u00fcr\u00fcn\u00fcn\u00fcn yer ald\u0131\u011f\u0131 tam tablo:<\/strong><\/p>\n\n\n\n<figure class=\"wp-block-table\"><table><thead><tr><th>Say\u0131n<\/th><th>\u00dcr\u00fcn Ad\u0131<\/th><th>Yakla\u015f\u0131k Kar Marj\u0131<\/th><th>Toplam \u0130hracat Pay\u0131 %<\/th><th>Toplam \u0130hracat De\u011feri<\/th><th>Ba\u015fl\u0131ca \u0130hracat \u00dclkeleri<\/th><\/tr><\/thead><tbody><tr><td>1<\/td><td>Ara\u00e7lar<\/td><td>8-12%<\/td><td>16%<\/td><td>227,6 milyar avro<\/td><td>ABD, \u0130ngiltere, \u00c7in, Fransa, \u0130talya<\/td><\/tr><tr><td>2<\/td><td>Ara\u00e7 Par\u00e7alar\u0131<\/td><td>15-20%<\/td><td>8%<\/td><td>113 milyar avro<\/td><td>ABD, \u00c7in, \u0130ngiltere, Fransa, Polonya<\/td><\/tr><tr><td>3<\/td><td>\u0130la\u00e7lar<\/td><td>20-30%<\/td><td>5.4%<\/td><td>75 milyar avro<\/td><td>ABD, \u0130svi\u00e7re, \u00c7in, Hollanda, Bel\u00e7ika<\/td><\/tr><tr><td>4<\/td><td>U\u00e7ak<\/td><td>8-12%<\/td><td>2.3%<\/td><td>32,5 milyar avro<\/td><td>Fransa, ABD, \u00c7in, BAE, Singapur<\/td><\/tr><tr><td>5<\/td><td>End\u00fcstriyel Makineler<\/td><td>15-20%<\/td><td>7.2%<\/td><td>100 milyar avro<\/td><td>\u00c7in, ABD, Fransa, Polonya, \u0130talya<\/td><\/tr><tr><td>6<\/td><td>Elektrik Ekipmanlar\u0131<\/td><td>8-15%<\/td><td>4.6%<\/td><td>65 milyar avro<\/td><td>\u00c7in, ABD, Polonya, Fransa, Hollanda<\/td><\/tr><tr><td>7<\/td><td>T\u0131bbi Teknoloji<\/td><td>20-30%<\/td><td>4%<\/td><td>55 milyar avro<\/td><td>ABD, \u00c7in, Fransa, \u0130ngiltere, \u0130svi\u00e7re<\/td><\/tr><tr><td>8<\/td><td>Kimyasal \u00dcr\u00fcnler<\/td><td>15-25%<\/td><td>6.5%<\/td><td>91 milyar avro<\/td><td>Hollanda, Fransa, \u00c7in, ABD, \u0130ngiltere<\/td><\/tr><tr><td>9<\/td><td>Optik\/Foto\u011frafik Ekipman<\/td><td>20-30%<\/td><td>2%<\/td><td>29 milyar avro<\/td><td>\u00c7in, ABD, Fransa, \u0130ngiltere, Hollanda<\/td><\/tr><tr><td>10<\/td><td>Demir ve \u00c7elik<\/td><td>8-15%<\/td><td>2.4%<\/td><td>35 milyar avro<\/td><td>Fransa, Polonya, Avusturya, \u0130talya, \u00c7ek Cumhuriyeti<\/td><\/tr><tr><td>11<\/td><td>Telekom\u00fcnikasyon Ekipmanlar\u0131<\/td><td>8-15%<\/td><td>1.5%<\/td><td>22 milyar avro<\/td><td>Avusturya, ABD, Hollanda, Polonya, Fransa<\/td><\/tr><tr><td>12<\/td><td>Elektronik Ekipman<\/td><td>8-15%<\/td><td>3.8%<\/td><td>54 milyar avro<\/td><td>\u00c7in, ABD, Polonya, Hollanda, Fransa<\/td><\/tr><tr><td>13<\/td><td>Metal \u00dcr\u00fcnleri<\/td><td>8-15%<\/td><td>3.3%<\/td><td>47 milyar avro<\/td><td>Fransa, ABD, \u00c7in, Avusturya, Polonya<\/td><\/tr><tr><td>14<\/td><td>Elektriksiz Makineler<\/td><td>8-15%<\/td><td>2.5%<\/td><td>36 milyar avro<\/td><td>\u00c7in, ABD, Fransa, \u0130talya, Avusturya<\/td><\/tr><tr><td>15<\/td><td>G\u00fc\u00e7 \u00dcretim Makineleri<\/td><td>8-15%<\/td><td>1.5%<\/td><td>21 milyar avro<\/td><td>\u00c7in, ABD, Hollanda, Fransa, \u0130ngiltere<\/td><\/tr><tr><td>16<\/td><td>Sentetik Tekstiller<\/td><td>15-25%<\/td><td>1%<\/td><td>15 milyar avro<\/td><td>T\u00fcrkiye, Polonya, \u0130talya, Avusturya, \u0130svi\u00e7re<\/td><\/tr><tr><td>17<\/td><td>Demiryolu Ekipmanlar\u0131<\/td><td>8-15%<\/td><td>0.8%<\/td><td>12 milyar avro<\/td><td>Avusturya, ABD, Fransa, \u00c7in, \u0130sve\u00e7<\/td><\/tr><tr><td>18<\/td><td>Ka\u011f\u0131t \u00dcr\u00fcnleri<\/td><td>15-25%<\/td><td>1%<\/td><td>15 milyar avro<\/td><td>Fransa, Polonya, Avusturya, Hollanda, Bel\u00e7ika<\/td><\/tr><tr><td>19<\/td><td>\u0130\u00e7ecekler<\/td><td>15-25%<\/td><td>0.7%<\/td><td>10 milyar avro<\/td><td>\u0130ngiltere, \u0130talya, \u00c7in, Hollanda, Fransa<\/td><\/tr><tr><td>20<\/td><td>Seramik \u00dcr\u00fcnler<\/td><td>15-25%<\/td><td>0.5%<\/td><td>7 milyar avro<\/td><td>Fransa, ABD, Avusturya, Polonya, \u00c7in<\/td><\/tr><\/tbody><\/table><figcaption class=\"wp-element-caption\">\u0130\u015fte kar\u015f\u0131n\u0131zda \u2013 Almanya&#039;dan yurtd\u0131\u015f\u0131na ihra\u00e7 edilmek \u00fczere tedarik edilecek en iyi \u00fcr\u00fcnler otomotiv, makine, ekipman, kimyasallar, malzemeler, elektronik ve t\u00fcketim mallar\u0131n\u0131 kaps\u0131yor. Teknoloji ve \u00fcretim m\u00fckemmelli\u011finin kesi\u015fti\u011fi noktada konumlanan \u2013 Almanya&#039;da \u00dcretilen \u00fcr\u00fcnler g\u00fc\u00e7l\u00fc bir ihracat potansiyeli vaat ediyor.<br><br>Umar\u0131m bu genel bak\u0131\u015f, k\u00fcresel tedarik ve da\u011f\u0131t\u0131m\u0131n\u0131za rehberlik edecek en karl\u0131 Alman ihracat \u00fcr\u00fcnlerine ili\u015fkin fikir verir.<br><br><strong>Ba\u015fka sorular\u0131n\u0131z varsa l\u00fctfen yorumlarda bana bildirin!<\/strong><\/figcaption><\/figure>","protected":false},"excerpt":{"rendered":"<p>Germany is known across the globe as an export powerhouse. In 2021, Germany exported over \u20ac1.4 trillion worth of products &#8230; <\/p>\n<p class=\"read-more-container\"><a title=\"2024&#039;te Almanya&#039;dan \u0130hra\u00e7 Edilecek En Karl\u0131 20 \u00dcr\u00fcn\" class=\"read-more button\" href=\"https:\/\/www.konnectinternational.com\/tr\/almanyadan-ihrac-edilecek-en-karli-20-urun\/#more-844\" aria-label=\"Read more about Top 20 Most Profitable Products to Export from Germany in 2024\">Tam Makale<\/a><\/p>","protected":false},"author":5,"featured_media":653,"comment_status":"open","ping_status":"open","sticky":false,"template":"","format":"standard","meta":{"footnotes":""},"categories":[18],"tags":[29],"class_list":["post-844","post","type-post","status-publish","format-standard","has-post-thumbnail","hentry","category-germany","tag-germany","resize-featured-image"],"_links":{"self":[{"href":"https:\/\/www.konnectinternational.com\/tr\/wp-json\/wp\/v2\/posts\/844","targetHints":{"allow":["GET"]}}],"collection":[{"href":"https:\/\/www.konnectinternational.com\/tr\/wp-json\/wp\/v2\/posts"}],"about":[{"href":"https:\/\/www.konnectinternational.com\/tr\/wp-json\/wp\/v2\/types\/post"}],"author":[{"embeddable":true,"href":"https:\/\/www.konnectinternational.com\/tr\/wp-json\/wp\/v2\/users\/5"}],"replies":[{"embeddable":true,"href":"https:\/\/www.konnectinternational.com\/tr\/wp-json\/wp\/v2\/comments?post=844"}],"version-history":[{"count":4,"href":"https:\/\/www.konnectinternational.com\/tr\/wp-json\/wp\/v2\/posts\/844\/revisions"}],"predecessor-version":[{"id":849,"href":"https:\/\/www.konnectinternational.com\/tr\/wp-json\/wp\/v2\/posts\/844\/revisions\/849"}],"wp:featuredmedia":[{"embeddable":true,"href":"https:\/\/www.konnectinternational.com\/tr\/wp-json\/wp\/v2\/media\/653"}],"wp:attachment":[{"href":"https:\/\/www.konnectinternational.com\/tr\/wp-json\/wp\/v2\/media?parent=844"}],"wp:term":[{"taxonomy":"category","embeddable":true,"href":"https:\/\/www.konnectinternational.com\/tr\/wp-json\/wp\/v2\/categories?post=844"},{"taxonomy":"post_tag","embeddable":true,"href":"https:\/\/www.konnectinternational.com\/tr\/wp-json\/wp\/v2\/tags?post=844"}],"curies":[{"name":"wp","href":"https:\/\/api.w.org\/{rel}","templated":true}]}}