{"id":755,"date":"2026-01-08T01:15:05","date_gmt":"2026-01-07T19:45:05","guid":{"rendered":"https:\/\/www.konnectinternational.com\/?p=755"},"modified":"2026-01-08T01:15:05","modified_gmt":"2026-01-07T19:45:05","slug":"how-to-start-import-export-business-in-germany","status":"publish","type":"post","link":"https:\/\/www.konnectinternational.com\/tr\/almanyada-ithalat-ihracat-isine-nasil-baslanir\/","title":{"rendered":"Almanya&#039;da \u0130thalat \u0130hracat \u0130\u015fine Nas\u0131l Ba\u015flan\u0131r"},"content":{"rendered":"<div class=\"wp-block-columns is-layout-flex wp-container-core-columns-is-layout-9d6595d7 wp-block-columns-is-layout-flex\">\n<div class=\"wp-block-column is-layout-flow wp-block-column-is-layout-flow\" style=\"flex-basis:100%\">\n<figure class=\"wp-block-image size-large\"><img decoding=\"async\" width=\"1024\" height=\"536\" src=\"https:\/\/www.konnectinternational.com\/wp-content\/uploads\/2024\/01\/german-container-3-1024x536.jpg\" alt=\"Almanya&#039;da \u0130thalat \u0130hracat \u0130\u015fletmesi\" class=\"wp-image-652\" srcset=\"https:\/\/www.konnectinternational.com\/wp-content\/uploads\/2024\/01\/german-container-3-1024x536.jpg 1024w, https:\/\/www.konnectinternational.com\/wp-content\/uploads\/2024\/01\/german-container-3-300x157.jpg 300w, https:\/\/www.konnectinternational.com\/wp-content\/uploads\/2024\/01\/german-container-3-768x402.jpg 768w, https:\/\/www.konnectinternational.com\/wp-content\/uploads\/2024\/01\/german-container-3.jpg 1200w\" sizes=\"(max-width: 1024px) 100vw, 1024px\" \/><\/figure>\n<\/div>\n<\/div>\n\n\n\n<p>Almanya bir ihracat devi olarak bilinir, ancak Almanya&#039;ya mal ithal etmek i\u00e7in de harika f\u0131rsatlar vard\u0131r. Avrupa&#039;n\u0131n en b\u00fcy\u00fck ulusal ekonomisi olarak Almanya, kazan\u00e7l\u0131 bir t\u00fcketici pazar\u0131 ve uluslararas\u0131 ticaret yapmak i\u00e7in m\u00fckemmel bir altyap\u0131 sunar.<\/p>\n\n\n\n<p>Almanya&#039;da ithalat\/ihracat i\u015fine girmek istiyorsan\u0131z, bu rehber kendi ticaret \u015firketinizi kurmak i\u00e7in temel ad\u0131mlarda size yol g\u00f6sterecektir. \u0130\u015fletme kayd\u0131, ithalat d\u00fczenlemeleri, tedarik\u00e7iler ve al\u0131c\u0131lar bulma, lojistik, riskler ve sekt\u00f6r uzmanlar\u0131ndan ipu\u00e7lar\u0131n\u0131 ele alaca\u011f\u0131z. Ba\u015flayal\u0131m!<\/p>\n\n\n\n<h2 class=\"wp-block-heading\"><strong>\u0130thalat\/\u0130hracat \u015eirketinizi Kaydettirme<\/strong><\/h2>\n\n\n\n<p>Yapman\u0131z gereken ilk \u015fey, i\u015fletmenizi Almanya&#039;da resmi olarak kaydettirmektir. \u0130\u015fte temel bilgiler:<\/p>\n\n\n\n<ul class=\"wp-block-list\">\n<li><strong>Bir \u0130\u015fletme Yap\u0131s\u0131 Se\u00e7in:<\/strong>&nbsp;\u015eah\u0131s \u015firketi, ortakl\u0131k, limited \u015firket (GmbH) veya anonim \u015firket (AG) olarak faaliyet g\u00f6sterebilirsiniz. GmbH, ki\u015fisel sorumluluk korumas\u0131 sa\u011flad\u0131\u011f\u0131 i\u00e7in pop\u00fcler bir se\u00e7imdir.<\/li>\n\n\n\n<li><strong>Gerekli \u0130zinleri Al\u0131n:<\/strong>&nbsp;\u0130thal etti\u011finiz mallara ba\u011fl\u0131 olarak g\u00fcmr\u00fck ofislerinden veya d\u00fczenleyici kurumlardan \u00f6zel izinlere ihtiyac\u0131n\u0131z olabilir. Y\u00f6netmelikleri kontrol etti\u011finizden emin olun.<\/li>\n\n\n\n<li><strong>Vergi Dairesine Kay\u0131t:<\/strong>&nbsp;Vergi numaras\u0131 almak i\u00e7in i\u015fletmenizi yerel vergi dairenize kaydedin. Bu, t\u00fcm resmi prosed\u00fcrler i\u00e7in gereklidir.<\/li>\n\n\n\n<li><strong>Bir \u0130\u015fletme Banka Hesab\u0131 A\u00e7\u0131n:<\/strong>&nbsp;\u00d6demeleri, finansman\u0131 ve temel i\u015flemleri kolayla\u015ft\u0131rmak i\u00e7in bir Alman ticari banka hesab\u0131na ihtiyac\u0131n\u0131z olacak. B\u00fcy\u00fck bankalar aras\u0131nda Deutsche Bank, Commerzbank ve UniCredit yer almaktad\u0131r.<\/li>\n\n\n\n<li><strong>Bir \u015eirket Ad\u0131 Se\u00e7in:<\/strong>&nbsp;\u015eirketinizin ad\u0131 Almanya&#039;da halihaz\u0131rda ticari marka olarak tescil edilmi\u015f olamaz. \u00c7evrimi\u00e7i kontrol edin veya Ticaret Sicil Dairesi&#039;ne dan\u0131\u015f\u0131n.<\/li>\n\n\n\n<li><strong>Ticaret Ofisine Kay\u0131t Olun:<\/strong>&nbsp;Ticaret \u015firketinizi resmi olarak tescil ettirmek i\u00e7in evraklar\u0131n\u0131z\u0131 \u015fehrinizdeki veya il\u00e7enizdeki Ticaret Ofisine (Gewerbeamt) teslim edin.<\/li>\n<\/ul>\n\n\n\n<p>Bu temel ad\u0131mlar\u0131n izlenmesi, Almanya&#039;da yeniden sat\u0131\u015f amac\u0131yla mal ithalat\u0131na ba\u015flamak i\u00e7in her \u015feyin d\u00fczg\u00fcn bir \u015fekilde ayarlanmas\u0131n\u0131 sa\u011flar.<\/p>\n\n\n\n<h2 class=\"wp-block-heading\"><strong>\u0130thalat Kurallar\u0131 ve Y\u00f6netmeliklerini Anlamak<\/strong><\/h2>\n\n\n\n<p>Almanya, bir AB \u00fcye devleti olarak ortak Avrupa Birli\u011fi ithalat y\u00f6netmeliklerini uygular. Ancak, belirli \u00fcr\u00fcnlerde ek kurallar veya k\u0131s\u0131tlamalar vard\u0131r. \u0130thal etti\u011finiz mallar i\u00e7in gereklilikleri anlaman\u0131z kritik \u00f6nem ta\u015f\u0131r.<\/p>\n\n\n\n<h3 class=\"wp-block-heading\"><strong>\u0130thalat K\u0131s\u0131tlamalar\u0131<\/strong><\/h3>\n\n\n\n<p>Almanya, a\u015fa\u011f\u0131daki gibi baz\u0131 \u00fcr\u00fcnlerin ithalat\u0131n\u0131 yasakl\u0131yor veya s\u0131n\u0131rland\u0131r\u0131yor:<\/p>\n\n\n\n<ul class=\"wp-block-list\">\n<li><strong>Et\/s\u00fct \u00fcr\u00fcnleri:<\/strong>&nbsp;AB hijyen standartlar\u0131na uygun olmal\u0131; sa\u011fl\u0131k sertifikalar\u0131 gerekli<\/li>\n\n\n\n<li><strong>Alkol\/t\u00fct\u00fcn:<\/strong>&nbsp;\u0130thalat lisanslar\u0131na ihtiya\u00e7 var; y\u00fcksek \u00d6TV&#039;ler<\/li>\n\n\n\n<li><strong>Tehlike alt\u0131ndaki t\u00fcrler:<\/strong>&nbsp;Koruma ama\u00e7l\u0131 yasakland\u0131<\/li>\n\n\n\n<li><strong>Sahte \u00fcr\u00fcnler:<\/strong>&nbsp;Marka\/patent haklar\u0131n\u0131 ihlal eden taklitler<\/li>\n\n\n\n<li><strong>Tehlikeli kimyasallar:<\/strong>&nbsp;REACH d\u00fczenlemelerine g\u00f6re daha s\u0131k\u0131 kay\u0131t kurallar\u0131<\/li>\n<\/ul>\n\n\n\n<p>Almanya ayr\u0131ca \u015funlar\u0131 zorunlu k\u0131l\u0131yor:<\/p>\n\n\n\n<ul class=\"wp-block-list\">\n<li>AB g\u00fcvenlik standartlar\u0131 (CE i\u015fareti)<\/li>\n\n\n\n<li>\u00dcr\u00fcn paketleme\/etiketleme gereksinimleri<\/li>\n\n\n\n<li>Baz\u0131 elektronik\/makine ithalatlar\u0131nda sertifikasyon kurallar\u0131<\/li>\n<\/ul>\n\n\n\n<p>Uyumlulu\u011fu sa\u011flamak i\u00e7in hedef \u00fcr\u00fcnleriniz konusunda bir ithalat\/ihracat uzman\u0131na dan\u0131\u015f\u0131n. Kural ihlalleri i\u00e7in para cezalar\u0131 \u00e7ok maliyetli olabilir.<\/p>\n\n\n\n<h3 class=\"wp-block-heading\"><strong>\u0130thalat Vergileri ve Vergileri<\/strong><\/h3>\n\n\n\n<p>Yayg\u0131n ithalat \u00fccretleri \u015funlar\u0131 i\u00e7erir:<\/p>\n\n\n\n<ul class=\"wp-block-list\">\n<li><strong>G\u00fcmr\u00fck Vergileri:<\/strong>&nbsp;AB Ortak G\u00fcmr\u00fck Tarifesi&#039;ne g\u00f6re \u00fcr\u00fcn t\u00fcr\u00fcne ve men\u015fe \u00fclkesine g\u00f6re tahsil edilir<\/li>\n\n\n\n<li><strong>Katma De\u011fer Vergisi (KDV):<\/strong>&nbsp;AB d\u0131\u015f\u0131ndaki \u00fclkelerden ithal edilen mallara uygulanan standart oran 19%&#039;dir<\/li>\n\n\n\n<li><strong>\u00d6TV:<\/strong>&nbsp;Alkol, enerji, t\u00fct\u00fcn ve di\u011fer t\u00fcketim \u00fcr\u00fcnlerinin ithalat\u0131na uygulan\u0131r<\/li>\n<\/ul>\n\n\n\n<p>Vergiler\/har\u00e7lar dahil toplam ithalat maliyetlerini tahmin etmek i\u00e7in bir karaya \u00e7\u0131karma maliyeti hesaplay\u0131c\u0131s\u0131 kullan\u0131n. Bu masraflar \u00fcr\u00fcn fiyatland\u0131rman\u0131za ve marjlar\u0131n\u0131za dahil edilir.<\/p>\n\n\n\n<h2 class=\"wp-block-heading\"><strong>Yurt D\u0131\u015f\u0131nda G\u00fcvenilir Tedarik\u00e7iler Bulmak<\/strong><\/h2>\n\n\n\n<p>Rekabet\u00e7i, kaliteli tedarik\u00e7iler bulmak karl\u0131 bir ithalat i\u015finin temel ta\u015f\u0131d\u0131r. Uygun Incoterms sunan, iyi ileti\u015fim kuran ve sipari\u015fleri s\u00fcrekli olarak zaman\u0131nda teslim eden tedarik\u00e7iler istersiniz.<\/p>\n\n\n\n<p>Yurtd\u0131\u015f\u0131 tedarik\u00e7ileri bulma ve inceleme konusunda ipu\u00e7lar\u0131:<\/p>\n\n\n\n<h3 class=\"wp-block-heading\"><strong>Aday Tedarik\u00e7ilerin Belirlenmesi<\/strong><\/h3>\n\n\n\n<ul class=\"wp-block-list\">\n<li><strong>Dizinleri i\u00e7e aktar:<\/strong>&nbsp;Yurt d\u0131\u015f\u0131ndaki tedarik\u00e7ileri bulmak i\u00e7in eWorldTrade ve TradeWheel gibi veritabanlar\u0131n\u0131 kullan\u0131n. \u00dcr\u00fcn\/\u00fclkeye g\u00f6re arama yapabilirsiniz.<\/li>\n\n\n\n<li><strong>\u00c7evrimi\u00e7i kaynak:<\/strong>&nbsp;Alibaba gibi platformlarda se\u00e7im yapabilece\u011finiz say\u0131s\u0131z \u00fcretici, fabrika ve ticaret \u015firketi bulunmaktad\u0131r.<\/li>\n\n\n\n<li><strong>Fuarlar:<\/strong>&nbsp;Yurt d\u0131\u015f\u0131ndaki tedarik\u00e7ilerle y\u00fcz y\u00fcze ba\u011flant\u0131 kurmak i\u00e7in yabanc\u0131 ticaret fuarlar\u0131na kat\u0131l\u0131n. Bu etkinlikler her y\u0131l d\u00fcnya \u00e7ap\u0131nda d\u00fczenlenmektedir.<\/li>\n\n\n\n<li><strong>El\u00e7ilik kaynaklar\u0131:<\/strong>&nbsp;Yabanc\u0131 el\u00e7iliklerin ticari\/ekonomi b\u00f6l\u00fcmleri, yabanc\u0131 ithalat\u00e7\u0131larla \u00e7al\u0131\u015fmaya a\u00e7\u0131k, denetlenmi\u015f ihracat \u015firketlerinin listelerini sa\u011flayabilir.<\/li>\n\n\n\n<li><strong>\u0130\u015f a\u011flar\u0131:<\/strong>&nbsp;K\u00fcresel tedarik zinciri a\u011f\u0131n\u0131z\u0131 geni\u015fletmek i\u00e7in yerel D\u00fcnya Ticaret Merkezleri&#039;ne ve uluslararas\u0131 ticaret odalar\u0131na kat\u0131l\u0131n.<\/li>\n<\/ul>\n\n\n\n<h3 class=\"wp-block-heading\"><strong>Tedarik\u00e7ilerin De\u011ferlendirilmesi ve Se\u00e7ilmesi<\/strong><\/h3>\n\n\n\n<ul class=\"wp-block-list\">\n<li><strong>Yetenek kontrol\u00fc:<\/strong>&nbsp;Talep etti\u011finiz sipari\u015f hacimlerini kar\u015f\u0131layabilirler mi? Yeterli \u00fcretim kapasitesine ve insan kayna\u011f\u0131na sahipler mi?<\/li>\n\n\n\n<li><strong>Performans ge\u00e7mi\u015fi incelemesi:<\/strong>&nbsp;Almanya&#039;ya ne kadar zamand\u0131r ihracat yap\u0131yorlar? Son al\u0131c\u0131 referanslar\u0131n\u0131 payla\u015fabilirler mi? \u0130ncelemeler i\u00e7in Google&#039;da aray\u0131n.<\/li>\n\n\n\n<li><strong>Kalite denetimi:<\/strong>&nbsp;Kalitenin standartlar\u0131n\u0131za ve ithalat \u015fartlar\u0131n\u0131za uygun olup olmad\u0131\u011f\u0131n\u0131 kontrol etmek i\u00e7in numune isteyin.<\/li>\n\n\n\n<li><strong>Fiyat pazarl\u0131\u011f\u0131:<\/strong>&nbsp;Rekabet\u00e7i fiyatland\u0131rma ve uygun \u00f6deme ko\u015fullar\u0131 ald\u0131\u011f\u0131n\u0131zdan emin olmak i\u00e7in pazarl\u0131k yap\u0131n. Kullan\u0131lan Incoterms&#039;i onaylay\u0131n.<\/li>\n\n\n\n<li><strong>Yerinde ziyaretler (m\u00fcmk\u00fcnse):<\/strong>&nbsp;Bir tedarik\u00e7inin \u00fcretim tesislerini ilk elden ziyaret etmek, size onlar\u0131n yetenekleri hakk\u0131nda en iyi fikri verir. \u015eahsen ziyaret etmek m\u00fcmk\u00fcn de\u011filse, bir video turu planlay\u0131n.<\/li>\n<\/ul>\n\n\n\n<p>Her tedarik\u00e7iyi detayl\u0131 bir \u015fekilde inceleyerek se\u00e7eneklerinizi, uzun vadeli sipari\u015f verip envanter ithal edebilece\u011finiz birka\u00e7 g\u00fcvenilir tedarik\u00e7iye daraltabilirsiniz.<\/p>\n\n\n\n<h2 class=\"wp-block-heading\"><strong>Almanya&#039;da M\u00fc\u015fteri ve Distrib\u00fct\u00f6r Bulma<\/strong><\/h2>\n\n\n\n<p>Yurt d\u0131\u015f\u0131nda tedarik\u00e7iler g\u00fcvence alt\u0131na al\u0131nd\u0131\u011f\u0131nda, bir sonraki \u00f6nemli ad\u0131m Almanya i\u00e7inde ithal etti\u011finiz mallar i\u00e7in ticari al\u0131c\u0131lar ve\/veya distrib\u00fct\u00f6rler bulmakt\u0131r. Sat\u0131\u015f kanallar\u0131 \u015funlar\u0131 i\u00e7erir:<\/p>\n\n\n\n<h3 class=\"wp-block-heading\"><strong>Do\u011frudan B2B Sat\u0131\u015flar\u0131<\/strong><\/h3>\n\n\n\n<ul class=\"wp-block-list\">\n<li><strong>Sekt\u00f6r dizinleri:<\/strong>&nbsp;Ni\u015f ithal \u00fcr\u00fcnleriniz i\u00e7in potansiyel i\u015f al\u0131c\u0131lar\u0131 bulmak amac\u0131yla Kompass Almanya gibi kaynaklar\u0131 kullan\u0131n.<\/li>\n\n\n\n<li><strong>Fuarlar:<\/strong>&nbsp;Alman al\u0131c\u0131larla \u015fahsen tan\u0131\u015fmak i\u00e7in ANUGA (yiyecek\/i\u00e7ecek) ve Heimtextil (ev e\u015fyalar\u0131) gibi b\u00fcy\u00fck toptan fuarlara kat\u0131l\u0131n. Numuneler, sat\u0131\u015f belgeleri ve sipari\u015f formlar\u0131n\u0131 elinizin alt\u0131nda bulundurun.<\/li>\n\n\n\n<li><strong>Do\u011frudan e-postalar:<\/strong>&nbsp;LinkedIn veya end\u00fcstri birli\u011fi dizinlerini kullanarak bir potansiyel m\u00fc\u015fteri listesi olu\u015fturun. \u0130thal etti\u011finiz \u00fcr\u00fcn hatlar\u0131na ilgi yaratmak i\u00e7in potansiyel m\u00fc\u015fterilere e-posta g\u00f6nderin.<\/li>\n\n\n\n<li><strong>Sat\u0131\u015f temsilcileri:<\/strong>&nbsp;\u0130thalatlar\u0131n\u0131z i\u00e7in toptan hesaplar\u0131 g\u00fcvence alt\u0131na almak i\u00e7in mevcut i\u015f a\u011flar\u0131na sahip Alman sat\u0131\u015f temsilcileri (Handelsvertreter) kiralay\u0131n. Bir\u00e7o\u011fu sekt\u00f6re ve b\u00f6lgelere g\u00f6re uzmanla\u015fm\u0131\u015ft\u0131r.<\/li>\n<\/ul>\n\n\n\n<h3 class=\"wp-block-heading\"><strong>Distrib\u00fct\u00f6rler ve Bayiler<\/strong><\/h3>\n\n\n\n<ul class=\"wp-block-list\">\n<li><strong>Toptanc\u0131lar:<\/strong>&nbsp;Almanya&#039;daki hedef da\u011f\u0131t\u0131m b\u00f6lgelerinizdeki perakendecilere ithal \u00fcr\u00fcnler tedarik eden toptanc\u0131lara (Gro\u00dfh\u00e4ndler) ula\u015f\u0131n.<\/li>\n\n\n\n<li><strong>Perakende al\u0131m gruplar\u0131:<\/strong>&nbsp;Daha b\u00fcy\u00fck perakende konsorsiyumlar\u0131 \u00fcr\u00fcnleri merkezi olarak tedarik ediyor. EDEKA ve Rewe, yakla\u015f\u0131lmaya de\u011fer en iyi Alman market sat\u0131n alma gruplar\u0131d\u0131r.<\/li>\n\n\n\n<li><strong>\u0130thalat\u00e7\u0131lar\/da\u011f\u0131t\u0131c\u0131lar:<\/strong>&nbsp;\u0130thal \u00fcr\u00fcn t\u00fcrlerinizde uzmanla\u015fm\u0131\u015f mevcut Alman ticaret evleriyle ortakl\u0131k kurun. Zaten \u00fclke \u00e7ap\u0131nda yerle\u015fik sat\u0131\u015f kanallar\u0131na sahipler.<\/li>\n\n\n\n<li><strong>\u00c7evrimi\u00e7i pazarlama:<\/strong>&nbsp;\u0130thal etti\u011finiz mallar\u0131 do\u011frudan Alman t\u00fcketicilere pazarlamak i\u00e7in Google ve Amazon reklamlar\u0131n\u0131 kullan\u0131n. Dropshipping, envanter ve yerine getirme maliyetlerini en aza indirebilir.<\/li>\n<\/ul>\n\n\n\n<p>Potansiyel B2B m\u00fc\u015fterilerine ve perakende ortaklar\u0131na ula\u015f\u0131rken geni\u015f bir a\u011f kurun. Ki\u015fisel olarak a\u011f kurmak i\u00e7in sekt\u00f6r etkinliklerine kat\u0131l\u0131n.<\/p>\n\n\n\n<h2 class=\"wp-block-heading\"><strong>Lojistik ve Dok\u00fcmantasyonun D\u00fczenlenmesi<\/strong><\/h2>\n\n\n\n<p>Almanya&#039;ya yeniden sat\u0131\u015f amac\u0131yla mal ithal ederken, uluslararas\u0131 nakliye ve g\u00fcmr\u00fck i\u015flemlerini koordine etmeniz gerekir:<\/p>\n\n\n\n<h3 class=\"wp-block-heading\"><strong>Uluslararas\u0131 Nakliye<\/strong><\/h3>\n\n\n\n<p>Deniza\u015f\u0131r\u0131 tedarik\u00e7ilerinizden Almanya limanlar\u0131na nakliye lojisti\u011fini y\u00f6netmek i\u00e7in bir nakliye acentesi veya g\u00fcmr\u00fck komisyoncusu se\u00e7in. Ana se\u00e7enekler \u015funlard\u0131r:<\/p>\n\n\n\n<ul class=\"wp-block-list\">\n<li><strong>Okyanus ta\u015f\u0131mac\u0131l\u0131\u011f\u0131:<\/strong>&nbsp;Uygun fiyatl\u0131l\u0131k a\u00e7\u0131s\u0131ndan b\u00fcy\u00fck, bozulmayan ithalatlar i\u00e7in en iyisidir. Asya&#039;dan transit s\u00fcreleri 30-45 g\u00fcn aras\u0131nda de\u011fi\u015fir.<\/li>\n\n\n\n<li><strong>Havayolu Ta\u015f\u0131mac\u0131l\u0131\u011f\u0131:<\/strong>&nbsp;H\u0131zl\u0131 2-4 g\u00fcnl\u00fck transit s\u00fcreleri ancak \u00e7ok pahal\u0131. K\u00fc\u00e7\u00fck, y\u00fcksek de\u011ferli veya acil g\u00f6nderiler i\u00e7in en iyisi.<\/li>\n<\/ul>\n\n\n\n<p>Maersk, MSC, DB Schenker gibi b\u00fcy\u00fck ta\u015f\u0131y\u0131c\u0131lar\u0131n oranlar\u0131n\u0131\/transit s\u00fcrelerini kar\u015f\u0131la\u015ft\u0131r\u0131n. Tedarik\u00e7ileriniz kargo alan\u0131n\u0131 do\u011frudan rezerve edemiyorsa bir yurtd\u0131\u015f\u0131 nakliye acentesi kiralay\u0131n.<\/p>\n\n\n\n<h3 class=\"wp-block-heading\"><strong>G\u00fcmr\u00fck i\u015flemleri<\/strong><\/h3>\n\n\n\n<p>\u0130thalat g\u00f6nderilerinizin Hamburg, Bremerhaven veya di\u011fer limanlara ula\u015ft\u0131\u011f\u0131nda Alman g\u00fcmr\u00fcklerinden ge\u00e7mesi i\u00e7in gerekli t\u00fcm belgeleri nakliye acentenize veya g\u00fcmr\u00fck acentenize sa\u011flay\u0131n.<\/p>\n\n\n\n<ul class=\"wp-block-list\">\n<li><strong>Ticari fatura<\/strong><\/li>\n\n\n\n<li><strong>Kon\u015fimento\/hava yolu kon\u015fimentosu<\/strong><\/li>\n\n\n\n<li><strong>Paket listesi<\/strong><\/li>\n\n\n\n<li><strong>\u00dcr\u00fcn sertifikasyon belgeleri<\/strong><\/li>\n\n\n\n<li><strong>Di\u011fer uzmanl\u0131k belgeleri<\/strong>&nbsp;(\u00fcr\u00fcnlere ba\u011fl\u0131 olarak)<\/li>\n<\/ul>\n\n\n\n<p>Eksiksiz ve do\u011fru evraklar sunmak, ithalatlar\u0131n\u0131z\u0131n g\u00fcmr\u00fckten h\u0131zla ge\u00e7mesini ve limandan h\u0131zla \u00e7\u0131kar\u0131lmas\u0131n\u0131, b\u00f6ylece sipari\u015flerin al\u0131c\u0131lara zaman\u0131nda ula\u015fmas\u0131n\u0131 sa\u011flar.<\/p>\n\n\n\n<h2 class=\"wp-block-heading\"><strong>Temel Riskler ve Zorluklar<\/strong><\/h2>\n\n\n\n<p>Almanya&#039;da mal ithal etmek elbette i\u015f f\u0131rsatlar\u0131 yarat\u0131yor ancak a\u015fa\u011f\u0131dakiler de dahil olmak \u00fczere dikkate de\u011fer riskler de var:<\/p>\n\n\n\n<p><strong>Finansal Riskler<\/strong><\/p>\n\n\n\n<ul class=\"wp-block-list\">\n<li>Yurt d\u0131\u015f\u0131 ithalata y\u00f6nelik b\u00fcy\u00fck \u00f6n yat\u0131r\u0131mlar<\/li>\n\n\n\n<li>D\u00f6viz kuru dalgalanmalar\u0131<\/li>\n\n\n\n<li>Gecikmi\u015f m\u00fc\u015fteri \u00f6demelerinden kaynaklanan nakit ak\u0131\u015f\u0131 zorluklar\u0131<\/li>\n\n\n\n<li>Beklenmeyen g\u00fcmr\u00fck cezalar\u0131 veya ithalat k\u0131s\u0131tlama de\u011fi\u015fiklikleri<\/li>\n<\/ul>\n\n\n\n<p><strong>Tedarik Zinciri Riskleri<\/strong><\/p>\n\n\n\n<ul class=\"wp-block-list\">\n<li>Nakliye gecikmeleri veya liman t\u0131kan\u0131kl\u0131\u011f\u0131<\/li>\n\n\n\n<li>Yurtd\u0131\u015f\u0131 tedarik\u00e7i kalite\/g\u00fcvenilirlik sorunlar\u0131<\/li>\n\n\n\n<li>Stoklar\u0131n nakliye s\u0131ras\u0131nda kaybolmas\u0131 veya hasar g\u00f6rmesi<\/li>\n<\/ul>\n\n\n\n<p><strong>Ticari Riskler<\/strong><\/p>\n\n\n\n<ul class=\"wp-block-list\">\n<li>Alman al\u0131c\u0131 talebini do\u011fru bir \u015fekilde \u00f6l\u00e7mekte ba\u015far\u0131s\u0131z olmak<\/li>\n\n\n\n<li>Yurt i\u00e7i B2B m\u00fc\u015fterileri veya perakendecileri g\u00fcvence alt\u0131na almada zorluk<\/li>\n\n\n\n<li>Daha d\u00fc\u015f\u00fck fiyatlar veya daha \u00fcst\u00fcn \u00fcr\u00fcnler sunan rekabet eden ithalat\u00e7\u0131lar<\/li>\n<\/ul>\n\n\n\n<p>Kaynak, finansman ve pazarlama faaliyetlerinde dikkatli bir durum tespiti bu t\u00fcr tehlikeleri azaltmaya yard\u0131mc\u0131 olur. B\u00fcy\u00fck \u00f6l\u00e7ekli ithalatlara veya s\u00f6zle\u015fmelere giri\u015fmeden \u00f6nce uygulanabilirli\u011fi test etmek i\u00e7in k\u00fc\u00e7\u00fck ithalat hacimleriyle yava\u015f\u00e7a ba\u015flamay\u0131 d\u00fc\u015f\u00fcn\u00fcn.<\/p>\n\n\n\n<h2 class=\"wp-block-heading\"><strong>Almanya&#039;da \u0130thalat \u0130\u015fletmesi Ba\u015flatmak \u0130\u00e7in Uzman \u0130pu\u00e7lar\u0131<\/strong><\/h2>\n\n\n\n<p>Alman ticaret uzmanlar\u0131, ithalat i\u015fine ba\u015far\u0131l\u0131 bir \u015fekilde girmek ve i\u015fletmek i\u00e7in birka\u00e7 iyi uygulamay\u0131 vurguluyor:<\/p>\n\n\n\n<h3 class=\"wp-block-heading\"><strong>\u00d6nceden Kapsaml\u0131 Bir Pazar Ara\u015ft\u0131rmas\u0131 Yap\u0131n<\/strong><\/h3>\n\n\n\n<ul class=\"wp-block-list\">\n<li>\u0130thal etmeyi d\u00fc\u015f\u00fcnd\u00fc\u011f\u00fcn\u00fcz belirli \u00fcr\u00fcnler etraf\u0131ndaki t\u00fcketici e\u011filimlerini ve fiyatland\u0131rma dinamiklerini analiz edin. Bu, Almanya&#039;da uygulanabilir B2B veya perakende talebinin olup olmad\u0131\u011f\u0131n\u0131 ger\u00e7ek\u00e7i bir \u015fekilde \u00f6l\u00e7menize yard\u0131mc\u0131 olur.<\/li>\n\n\n\n<li>Rekabet ortam\u0131n\u0131 ara\u015ft\u0131r\u0131n. \u0130thalat pazar\u0131 belirli mallar i\u00e7in ne kadar doymu\u015f? Rakiplerinize k\u0131yasla daha iyi tedarik fiyatlar\u0131 veya benzersiz \u00fcr\u00fcn \u00e7e\u015fitleri sunabilir misiniz?<\/li>\n<\/ul>\n\n\n\n<h3 class=\"wp-block-heading\"><strong>Yabanc\u0131 \u0130\u015f K\u00fclt\u00fcrlerinde Gezinme Konusunda Yard\u0131m Al\u0131n<\/strong><\/h3>\n\n\n\n<ul class=\"wp-block-list\">\n<li>Alman i\u015f normlar\u0131n\u0131n, g\u00f6rg\u00fc kurallar\u0131n\u0131n ve ileti\u015fim tarzlar\u0131n\u0131n Asya\/Latin Amerika&#039;daki deniza\u015f\u0131r\u0131 ticaret ortaklar\u0131ndan s\u0131kl\u0131kla b\u00fcy\u00fck \u00f6l\u00e7\u00fcde farkl\u0131 oldu\u011funu kabul edin. Benzerlikler oldu\u011funu varsaymay\u0131n.<\/li>\n\n\n\n<li>Hedef ihracat \u00fclkesiyle ilgili deneyiminiz yoksa, erken bir a\u015famada bir k\u00fclt\u00fcrel irtibat g\u00f6revlisi veya terc\u00fcman i\u015fe al\u0131n. Yabanc\u0131 tedarik\u00e7ilerle g\u00fcven in\u015fas\u0131n\u0131 baltalayan yanl\u0131\u015f anla\u015f\u0131lmalar\u0131 \u00f6nlemeye yard\u0131mc\u0131 olabilirler.<\/li>\n<\/ul>\n\n\n\n<h3 class=\"wp-block-heading\"><strong>\u0130\u015fletme Sermayesi \u0130htiya\u00e7lar\u0131n\u0131z\u0131 Anlay\u0131n<\/strong><\/h3>\n\n\n\n<ul class=\"wp-block-list\">\n<li>\u0130thalata ge\u00e7meden \u00f6nce, ba\u015flang\u0131\u00e7 b\u00fct\u00e7enizde envanter, nakliye, vergiler ve i\u015f kurulumuyla ilgili \u00f6nemli maliyetleri hesaba kat\u0131n. Nakit rezervleri, uzun \u00f6deme d\u00f6ng\u00fclerinde anahtar rol oynar.<\/li>\n\n\n\n<li>Euler Hermes ve di\u011fer Alman kamu ticaret te\u015fvik programlar\u0131 arac\u0131l\u0131\u011f\u0131yla sekt\u00f6re \u00f6zg\u00fc ticari kredi, garanti ve ihracat finansman olanaklar\u0131n\u0131 ke\u015ffedin.<\/li>\n<\/ul>\n\n\n\n<h2 class=\"wp-block-heading\"><strong>Ba\u015flamak \u0130\u00e7in Sonraki Ad\u0131mlar<\/strong><\/h2>\n\n\n\n<p>Umar\u0131m bu ba\u015flang\u0131\u00e7 rehberi size Almanya&#039;da bir ithalat\/ihracat \u015firketi kurmak i\u00e7in atman\u0131z gereken temel ad\u0131mlar hakk\u0131nda iyi bir temel genel bak\u0131\u015f sa\u011flam\u0131\u015ft\u0131r.<\/p>\n\n\n\n<p>\u0130\u015fte bir <strong>h\u0131zl\u0131 \u00f6zet kontrol listesi<\/strong> Ba\u015flamaya haz\u0131rlan\u0131rken:<\/p>\n\n\n\n<ul class=\"wp-block-list\">\n<li>&nbsp;Alman al\u0131c\u0131lar aras\u0131nda kan\u0131tlanm\u0131\u015f talebe sahip uygulanabilir ithalat \u00fcr\u00fcn\u00fc fikirlerini ara\u015ft\u0131r\u0131n<\/li>\n\n\n\n<li>&nbsp;Uygun bir Alman i\u015fletme yap\u0131s\u0131 se\u00e7in ve \u015firketinizi kaydedin<\/li>\n\n\n\n<li>&nbsp;Gerekli ithalat izinleri ve g\u00fcmr\u00fck belgelerine ba\u015fvurun<\/li>\n\n\n\n<li>&nbsp;Rekabet\u00e7i fiyatland\u0131rma ve kalite sunan yurtd\u0131\u015f\u0131ndaki veteriner tedarik\u00e7ileri<\/li>\n\n\n\n<li>&nbsp;Almanya&#039;da g\u00fcvenli B2B da\u011f\u0131t\u0131m ortaklar\u0131 veya perakende kanallar\u0131<\/li>\n\n\n\n<li>&nbsp;Uluslararas\u0131 nakliye rotalar\u0131n\u0131\/ta\u015f\u0131y\u0131c\u0131lar\u0131n\u0131 Alman limanlar\u0131na koordine edin<\/li>\n\n\n\n<li>&nbsp;Operasyonlar\u0131 finanse etmek i\u00e7in yeterli i\u015fletme sermayesi b\u00fct\u00e7esi olu\u015fturun<\/li>\n\n\n\n<li>&nbsp;Olaya \u00f6zg\u00fc ihracat finansman\u0131 programlar\u0131n\u0131 inceleyin<\/li>\n<\/ul>\n\n\n\n<p>Ni\u015f ithal \u00fcr\u00fcnlerle patlayan Alman t\u00fcketici pazarlar\u0131na girmek i\u00e7in kendinizi heyecanl\u0131 hissediyor musunuz? Geriye kalan sorular\u0131n\u0131z nelerdir? Yorumlar b\u00f6l\u00fcm\u00fcnde sesinizi duyurun!<\/p>","protected":false},"excerpt":{"rendered":"<p>Germany is known for being an export powerhouse, but there are also great opportunities for importing goods into Germany. As &#8230; <\/p>\n<p class=\"read-more-container\"><a title=\"Almanya&#039;da \u0130thalat \u0130hracat \u0130\u015fine Nas\u0131l Ba\u015flan\u0131r\" class=\"read-more button\" href=\"https:\/\/www.konnectinternational.com\/tr\/almanyada-ithalat-ihracat-isine-nasil-baslanir\/#more-755\" aria-label=\"Read more about How to Start Import Export Business in Germany\">Tam Makale<\/a><\/p>","protected":false},"author":5,"featured_media":652,"comment_status":"open","ping_status":"open","sticky":false,"template":"","format":"standard","meta":{"footnotes":""},"categories":[18],"tags":[29],"class_list":["post-755","post","type-post","status-publish","format-standard","has-post-thumbnail","hentry","category-germany","tag-germany","resize-featured-image"],"_links":{"self":[{"href":"https:\/\/www.konnectinternational.com\/tr\/wp-json\/wp\/v2\/posts\/755","targetHints":{"allow":["GET"]}}],"collection":[{"href":"https:\/\/www.konnectinternational.com\/tr\/wp-json\/wp\/v2\/posts"}],"about":[{"href":"https:\/\/www.konnectinternational.com\/tr\/wp-json\/wp\/v2\/types\/post"}],"author":[{"embeddable":true,"href":"https:\/\/www.konnectinternational.com\/tr\/wp-json\/wp\/v2\/users\/5"}],"replies":[{"embeddable":true,"href":"https:\/\/www.konnectinternational.com\/tr\/wp-json\/wp\/v2\/comments?post=755"}],"version-history":[{"count":1,"href":"https:\/\/www.konnectinternational.com\/tr\/wp-json\/wp\/v2\/posts\/755\/revisions"}],"predecessor-version":[{"id":756,"href":"https:\/\/www.konnectinternational.com\/tr\/wp-json\/wp\/v2\/posts\/755\/revisions\/756"}],"wp:featuredmedia":[{"embeddable":true,"href":"https:\/\/www.konnectinternational.com\/tr\/wp-json\/wp\/v2\/media\/652"}],"wp:attachment":[{"href":"https:\/\/www.konnectinternational.com\/tr\/wp-json\/wp\/v2\/media?parent=755"}],"wp:term":[{"taxonomy":"category","embeddable":true,"href":"https:\/\/www.konnectinternational.com\/tr\/wp-json\/wp\/v2\/categories?post=755"},{"taxonomy":"post_tag","embeddable":true,"href":"https:\/\/www.konnectinternational.com\/tr\/wp-json\/wp\/v2\/tags?post=755"}],"curies":[{"name":"wp","href":"https:\/\/api.w.org\/{rel}","templated":true}]}}